{"id":1509,"date":"2024-05-08T13:50:33","date_gmt":"2024-05-08T13:50:33","guid":{"rendered":"https:\/\/agebombs.com\/?p=1509"},"modified":"2025-08-02T06:22:23","modified_gmt":"2025-08-02T06:22:23","slug":"ueber-die-wichtige-mission-eines-age-astronauts","status":"publish","type":"post","link":"https:\/\/agebombs.com\/de\/ueber-die-wichtige-mission-eines-age-astronauts\/","title":{"rendered":"Neue Horizonte: Die wichtige Mission eines &#8218;Age Astronauten&#8216;"},"content":{"rendered":"\n<h1 class=\"wp-block-heading\">Neue Horizonte: Die wichtige Mission eines &#8218;Age Astronauten&#8216;<\/h1>\n\n\n\n<figure class=\"wp-block-image size-large\"><img loading=\"lazy\" decoding=\"async\" width=\"1024\" height=\"616\" src=\"https:\/\/agebombs.com\/wp-content\/uploads\/2025\/08\/AB_Website_Fotos_Vorlagen.001-1024x616.webp\" alt=\"\" class=\"wp-image-2794\" srcset=\"https:\/\/agebombs.com\/wp-content\/uploads\/2025\/08\/AB_Website_Fotos_Vorlagen.001-1024x616.webp 1024w, https:\/\/agebombs.com\/wp-content\/uploads\/2025\/08\/AB_Website_Fotos_Vorlagen.001-300x180.webp 300w, https:\/\/agebombs.com\/wp-content\/uploads\/2025\/08\/AB_Website_Fotos_Vorlagen.001-768x462.webp 768w, https:\/\/agebombs.com\/wp-content\/uploads\/2025\/08\/AB_Website_Fotos_Vorlagen.001-1536x924.webp 1536w, https:\/\/agebombs.com\/wp-content\/uploads\/2025\/08\/AB_Website_Fotos_Vorlagen.001-450x271.webp 450w, https:\/\/agebombs.com\/wp-content\/uploads\/2025\/08\/AB_Website_Fotos_Vorlagen.001-998x600.webp 998w, https:\/\/agebombs.com\/wp-content\/uploads\/2025\/08\/AB_Website_Fotos_Vorlagen.001.webp 1600w\" sizes=\"auto, (max-width: 1024px) 100vw, 1024px\" \/><figcaption class=\"wp-element-caption\">KI-generiertes Bild via Midjourney<\/figcaption><\/figure>\n\n\n\n<div class=\"audio-player\"><strong>H\u00f6re Dir das Interview an (englisch)<\/strong><div\n    id=\"h5ap-player-1\"\n    data-id=\"h5ap-player-1\"\n    data-attributes=\"{&quot;uniqueId&quot;:&quot;player1632&quot;,&quot;clientId&quot;:&quot;&quot;,&quot;align&quot;:&quot;&quot;,&quot;alignment&quot;:&quot;center&quot;,&quot;source&quot;:&quot;https:\\\/\\\/agebombs.com\\\/wp-content\\\/uploads\\\/2024\\\/05\\\/Simon-Long-Interview.mp3&quot;,&quot;poster&quot;:&quot;&quot;,&quot;title&quot;:&quot;Audio Title&quot;,&quot;artist&quot;:&quot;Author Name&quot;,&quot;color&quot;:&quot;#fff&quot;,&quot;textColor&quot;:&quot;#fff&quot;,&quot;primaryColor&quot;:&quot;#195FF5&quot;,&quot;hoverColor&quot;:&quot;#00B3FF&quot;,&quot;skin&quot;:&quot;Default&quot;,&quot;repeat&quot;:false,&quot;autoplay&quot;:false,&quot;isSticky&quot;:false,&quot;muted&quot;:false,&quot;loader&quot;:false,&quot;saveState&quot;:false,&quot;disablePause&quot;:false,&quot;seekTime&quot;:10,&quot;startTime&quot;:0,&quot;download&quot;:true,&quot;width&quot;:&quot;100%&quot;,&quot;radius&quot;:&quot;10px&quot;,&quot;controls&quot;:{&quot;play&quot;:true,&quot;progress&quot;:true,&quot;duration&quot;:true,&quot;mute&quot;:true,&quot;volume&quot;:true,&quot;settings&quot;:true},&quot;CSS&quot;:&quot;&quot;,&quot;i18n&quot;:{&quot;restart&quot;:&quot;Restart&quot;,&quot;rewind&quot;:&quot;Rewind {seektime}s&quot;,&quot;play&quot;:&quot;Play&quot;,&quot;pause&quot;:&quot;Pause&quot;,&quot;fastForward:&quot;:&quot;Forward {seektime}s&quot;,&quot;seek&quot;:&quot;Seek&quot;,&quot;seekLabel&quot;:&quot;{currentTime} of {duration}&quot;,&quot;played&quot;:&quot;Played&quot;,&quot;buffered&quot;:&quot;Buffered&quot;,&quot;currentTime:&quot;:&quot;Current time&quot;,&quot;duration&quot;:&quot;Duration&quot;,&quot;volume&quot;:&quot;Volume&quot;,&quot;mute&quot;:&quot;Mute&quot;,&quot;unmute&quot;:&quot;Unmute&quot;,&quot;enableCaptions&quot;:&quot;Enable captions&quot;,&quot;disableCaptions&quot;:&quot;Disable captions&quot;,&quot;download&quot;:&quot;Download&quot;,&quot;enterFullscreen&quot;:&quot;Enter fullscreen&quot;,&quot;exitFullscreen&quot;:&quot;Exit fullscreen&quot;,&quot;frameTitle&quot;:&quot;Player for {title}&quot;,&quot;captions&quot;:&quot;Captions&quot;,&quot;settings&quot;:&quot;Settings&quot;,&quot;pip&quot;:&quot;PIP&quot;,&quot;menuBack&quot;:&quot;Go back to previous menu&quot;,&quot;speed&quot;:&quot;Speed&quot;,&quot;normal&quot;:&quot;Normal&quot;,&quot;quality&quot;:&quot;Quality&quot;,&quot;loop&quot;:&quot;Loop&quot;,&quot;start&quot;:&quot;Start&quot;,&quot;end&quot;:&quot;End&quot;,&quot;all&quot;:&quot;All&quot;,&quot;reset&quot;:&quot;Reset&quot;,&quot;disabled&quot;:&quot;Disabled&quot;,&quot;enabled&quot;:&quot;Enabled&quot;,&quot;advertisement&quot;:&quot;Ad&quot;,&quot;qualityBadge&quot;:{&quot;2160&quot;:&quot;4K&quot;,&quot;1440&quot;:&quot;HD&quot;,&quot;1080&quot;:&quot;HD&quot;,&quot;720&quot;:&quot;HD&quot;,&quot;576&quot;:&quot;SD&quot;,&quot;480&quot;:&quot;SD&quot;}},&quot;controlColor&quot;:&quot;#4a5464&quot;,&quot;preload&quot;:&quot;metadata&quot;,&quot;speed&quot;:{&quot;selected&quot;:1,&quot;speed&quot;:[&quot;0.5&quot;,&quot; 0.75&quot;,&quot; 1&quot;,&quot; 1.25&quot;,&quot; 1.5&quot;,&quot; 1.75&quot;,&quot; 2&quot;,&quot; 4&quot;,&quot; 8&quot;]},&quot;multiple_audio&quot;:false,&quot;defaultValue&quot;:{&quot;Default&quot;:{&quot;primaryColor&quot;:&quot;#4A5464&quot;,&quot;controlColor&quot;:&quot;#4A5464&quot;,&quot;bgColor&quot;:&quot;#F5F5F5&quot;},&quot;Fusion&quot;:{&quot;primaryColor&quot;:&quot;#fff&quot;,&quot;bgColor&quot;:&quot;#161616&quot;,&quot;controlColor&quot;:&quot;#fff&quot;},&quot;Stamp&quot;:{&quot;controlColor&quot;:&quot;#fff&quot;,&quot;bgColor&quot;:&quot;#161616&quot;},&quot;Wave&quot;:{&quot;primaryColor&quot;:&quot;#fff&quot;,&quot;controlColor&quot;:&quot;#fff&quot;,&quot;bgColor&quot;:&quot;#161616&quot;,&quot;textColor&quot;:&quot;#fff&quot;},&quot;Card-1&quot;:{&quot;primaryColor&quot;:&quot;#fff&quot;,&quot;controlColor&quot;:&quot;#161616&quot;,&quot;bgColor&quot;:&quot;#161616&quot;,&quot;textColor&quot;:&quot;#fff&quot;},&quot;Card-2&quot;:{&quot;primaryColor&quot;:&quot;#00FBF3&quot;,&quot;controlColor&quot;:&quot;#fff&quot;,&quot;bgColor&quot;:&quot;#161616&quot;,&quot;textColor&quot;:&quot;#fff&quot;},&quot;Simple-1&quot;:{&quot;primaryColor&quot;:&quot;#00dcff&quot;,&quot;controlColor&quot;:&quot;#fff&quot;,&quot;bgColor&quot;:&quot;#161616&quot;,&quot;textColor&quot;:&quot;#00dcff&quot;},&quot;Simple-2&quot;:{&quot;primaryColor&quot;:&quot;#06F7FF00&quot;,&quot;controlColor&quot;:&quot;#fff&quot;,&quot;bgColor&quot;:&quot;#161616&quot;},&quot;Player9&quot;:{&quot;primaryColor&quot;:&quot;#195FF6&quot;,&quot;controlColor&quot;:&quot;#fff&quot;,&quot;bgColor&quot;:&quot;#161616&quot;,&quot;textColor&quot;:&quot;#EDEFF2&quot;},&quot;Player10&quot;:{&quot;primaryColor&quot;:&quot;#195FF6&quot;,&quot;controlColor&quot;:&quot;#fff&quot;,&quot;bgColor&quot;:&quot;#161616&quot;,&quot;textColor&quot;:&quot;#EDEFF2&quot;},&quot;Player11&quot;:{&quot;primaryColor&quot;:&quot;#195FF6&quot;,&quot;controlColor&quot;:&quot;#fff&quot;,&quot;bgColor&quot;:&quot;#161616&quot;,&quot;textColor&quot;:&quot;#fff&quot;}}}\"\n    class=\"wp-block-h5ap-tailwind wp-block-h5ap-audioplayer\">\n    <\/div><\/div>\n\n\n\n<h4 class=\"wp-block-heading\">In diesem spannenden Interview erz\u00e4hlt Simon Long, der sich selbst als \u201eAge Astronaut\u201c bezeichnet, seine inspirierende Geschichte der beruflichen Neuorientierung nach dem 55. Lebensjahr. Dabei beweist er nicht nur seine beeindruckende Widerstandsf\u00e4higkeit, sondern regt auch zum Nachdenken \u00fcber die Notwendigkeit und Chancen einer altersdiversen Belegschaft an.<\/h4>\n\n\n\n<p><strong>\u00dcbersetzung des Interviews<\/strong><\/p>\n\n\n\n<p><strong>ROBERT:<\/strong> Auf meiner Expedition durch die komplexe Welt des Alterns, habe ich das Vergn\u00fcgen, viele faszinierende und inspirierende Menschen zu treffen. Einer von ihnen ist Simon Long. Kennengelernt habe ich Simon \u00fcber LinkedIn. Er postete einige wirklich sehr interessante Einsichten \u00fcber Alter und Altern und \u00fcber seine Arbeit als Growth Director bei 55\/Redefined. Und was mich besonders neugierig gemacht hat: Er bezeichnet sich selbst als Age Astronaut. <\/p>\n\n\n\n<p>Simon lebt in Gro\u00dfbritannien und hat eine berufliche Geschichte, die mich ein wenig an meine eigene erinnert. Im Alter von 55 Jahren stand er vor der Herausforderung, sich beruflich neu definieren zu m\u00fcssen. Am Anfang war das wohl garnicht so einfach, aber am Ende hat es dann doch ganz gut geklappt.<\/p>\n\n\n\n<p>Deshalb wollte ich unbedingt von ihm wissen, vor welchen Herausforderungen er damals stand, wie er sie letztendlich gemeistert hat und was er anderen Menschen in \u00e4hnlichen Situationen empfehlen w\u00fcrde.<\/p>\n\n\n\n<p><strong>SIMON: <\/strong>Schauen wir mal. Ich bin 58 Jahre alt. Als ich 55 war, musste ich mein kleines Beratungsunternehmen schlie\u00dfen, weil COVID mich einfach umgehauen hat. Da dachte ich, dass es ziemlich einfach sein w\u00fcrde, einen Job zu finden, oder zumindest einigerma\u00dfen einfach. Aber ein Jahr sp\u00e4ter, nachdem ich mich auf 100 Stellen beworben und nur sehr wenige Vorstellungsgespr\u00e4che gehabt hatte, war ich ratlos.<\/p>\n\n\n\n<p>Ich dachte nur: Mist, war&#8217;s das? Bin ich mit 55 am Ende? Und wenn ich eine R\u00fcckmeldung bekam, wurde mir immer wieder gesagt, ich sei \u00fcberqualifiziert. \u00dcberqualifiziert war ein Euphemismus f\u00fcr \u201eIch habe Angst vor dir\u201c oder \u201eIch denke, du bist wahrscheinlich alt und verkrustet und wirst mir wegsterben\u201c oder \u201eDu willst meinen Job oder zu viel Geld\u201c.<\/p>\n\n\n\n<p>Aber niemand traute meiner Motivation, die darin bestand, zielgerichtete Arbeit zu bekommen. Die H\u00f6he des Gehaltsschecks war mir nicht so wichtig. Ich wollte nat\u00fcrlich bezahlt werden. Ich hatte nicht mehr das Ego, das ich fr\u00fcher hatte, als ich versuchte, den Baum zu erklimmen.<\/p>\n\n\n\n<p>Ich wollte einfach nur Teil eines Unternehmens sein, Teil eines Teams, davon profitieren, anderen erm\u00f6glichen, davon zu profitieren. Also habe ich einen Beitrag auf LinkedIn verfasst, in dem ich sagte: Das ist entsetzlich, warum wird jemand, der so viel zu bieten hat, wie ein St\u00fcck Dreck behandelt?<\/p>\n\n\n\n<p>Gl\u00fccklicherweise sah meine Chefin, die damals gerade dabei war, das Unternehmen 55\/Redefined zu gr\u00fcnden, meinen Beitrag, setzte sich mit mir in Verbindung. Und jetzt helfe ich Menschen dabei, das zu vermeiden, was mir passiert ist, denn ich wei\u00df, dass diese Stereotypen sehr sch\u00e4dlich waren.<\/p>\n\n\n\n<p>Ich habe abgenommen, hatte psychische Probleme, konnte nicht schlafen, wurde ein sozialer Einsiedler und dachte, ich h\u00e4tte meinen Lebenssinn verloren, und als Mann, und wir M\u00e4nner neigen dazu, uns mehr \u00fcber die Arbeit zu definieren. Ich denke, dass es f\u00fcr mich eine wirklich harte Zeit war.<\/p>\n\n\n\n<p><strong>ROBERT:<\/strong> Ok \u2026 das kann Ich nachempfinden, und ich bin mir sicher, dass viele Menschen in den letzten Jahren \u00e4hnliche Erfahrungen gemacht haben. Wenn man sich nicht mehr richtig integriert f\u00fchlt, beginnt man zu zweifeln. Und manchmal k\u00f6nnen diese Zweifel einen auf Dauer krank machen.<\/p>\n\n\n\n<p>Ich wollte von ihm wissen \u2026 was genau diese Stereotypen sind \u2026 und wie er mit ihnen umgegangen ist.<\/p>\n\n\n\n<p><strong>SIMON: <\/strong>Um deine Frage nach Stereotypen zu beantworten. Nun, eines davon ist, dass man, wenn man \u00fcber 50 ist, nur aufgrund dessen, was auf der Geburtsurkunde steht, \u00fcber den Berg ist. Man ist eine Zeitverschwendung, es lohnt sich nicht, in einen zu investieren, man taugt nicht mehr f\u00fcr Technik, man f\u00e4llt auseinander.<\/p>\n\n\n\n<p>All diese Klischees: du h\u00f6rst anderen nicht gerne zu, du willst nicht lernen. Das ist alles v\u00f6lliger Bl\u00f6dsinn, kompletter und v\u00f6lliger Bl\u00f6dsinn. Das sind also einige der Klischees, die ich f\u00fcr sch\u00e4dlich halte.<\/p>\n\n\n\n<p>Es gibt auch die Ansicht, dass wir st\u00e4ndig krank sind. Ich bin ziemlich fit, ich bin fast 60, ich bin sogar fitter, als ich mit 30 war. All diese Stereotypen sind also nicht gerade f\u00f6rderlich f\u00fcr die Schaffung einer generations\u00fcbergreifenden Belegschaft, und ich wei\u00df, dass du dir das w\u00fcnschst, Robert, weil du das gerade gesagt hast.<\/p>\n\n\n\n<p>Ich m\u00f6chte einen Punkt erreichen, an dem das Alter keine Rolle mehr spielt, und was z\u00e4hlt, sind Dinge wie Einstellung, Kultur, F\u00e4higkeiten, Verhalten, solche Dinge.<\/p>\n\n\n\n<p><strong>ROBERT:<\/strong> Damit hat Simon sicherlich recht: Es geht um Einstellung, Kultur, F\u00e4higkeiten und Verhalten. Deshalb wollte ich von ihm wissen, wie er diese Werte heute in seine Arbeit einflie\u00dfen l\u00e4sst.<\/p>\n\n\n\n<p><strong>SIMON: <\/strong>Ich habe diesen albernen Titel des Growth Directors. Was bedeutet das? Es bedeutet, dass ich die Augen und Ohren des Unternehmens bin, wenn du so willst. Ich gehe da raus. Ich bin 58, also bin ich in der Zone. Ich bin, wenn du so willst, die physische Manifestation der Generation, die wir vertreten, f\u00fcr die wir eintreten und die wir f\u00f6rdern wollen.<\/p>\n\n\n\n<p>Wir helfen Gesch\u00e4ften, Unternehmen, Organisationen dabei, Talente \u00fcber 50 zu gewinnen, zu wachsen und zu binden. Und wir versuchen, mit 55\/Redefined eine Art Entscheidungsfaktor zu sein, wenn es darum geht, eine Belegschaft aufzubauen. Wir versuchen, den Arbeitgebern die Augen daf\u00fcr zu \u00f6ffnen, dass die \u00fcber 50-J\u00e4hrigen eine Menge zur Party beitragen k\u00f6nnen.<\/p>\n\n\n\n<p>Wir haben Weisheit, wir haben Lebenserfahrung, wir haben den Vorteil, dass wir durch die H\u00f6hen und Tiefen des Lebens gegangen sind. Und nur weil wir schon l\u00e4nger dabei sind, bedeutet das, dass wir mehr Widerstandskraft und Erfahrung haben und viel in die Diskussion einbringen k\u00f6nnen.<\/p>\n\n\n\n<p>Das bedeutet nicht, dass ich denke, alt ist besser als jung oder \u00fcber 50 ist besser als 30. Das glaube ich ganz und gar nicht. Aber es liegt an uns, den Organisationen zu zeigen, dass es hier eine Menge Talente gibt, die angepasst werden k\u00f6nnen, die in manchen F\u00e4llen aus dem Ruhestand geholt werden k\u00f6nnen, wenn die Leute sich langweilen, weil sie merken, dass sie eigentlich nicht gerne im Ruhestand sind.<\/p>\n\n\n\n<p>Und diese Erfahrung ist es wert, dass wir alle von einander lernen k\u00f6nnen. Ein 80-J\u00e4hriger von einem 30-J\u00e4hrigen, ein 30-J\u00e4hriger oder einem 70-J\u00e4hrigen. Wir halten den Arbeitgebern einen Spiegel vor und sagen: Du wirst eines Tages 50 sein, du kennst jemanden, der 50 ist, du hast wahrscheinlich Eltern, vielleicht hast du Gro\u00dfeltern, vielleicht hast du Enkelkinder.<\/p>\n\n\n\n<p>Wir sitzen alle im selben Boot, denn eines ist uns allen gemeinsam: Wir werden \u00e4lter.<\/p>\n\n\n\n<p><strong>ROBERT: <\/strong>Richtig \u2026 wir alle werden \u00e4lter. Und wir stehen alle vor den gleichen Herausforderungen. \u2026 Manche fr\u00fcher, manche etwas sp\u00e4ter.<\/p>\n\n\n\n<p>Im Vorfeld dieses Interviews hatte ich gelesen, dass 55\/Redefined sich mit den wirtschaftlichen Auswirkungen des Alters besch\u00e4ftigt. Deshalb wollte ich von Simon wissen, wie es m\u00f6glich ist, die Gewinne eines Unternehmens zu steigern, indem man das Alter ber\u00fccksichtigt?<\/p>\n\n\n\n<p><strong>SIMON:<\/strong> Ich werde jetzt die Unternehmenssprache verwenden \u2013 wir alle wissen, dass in Vorstandsetagen \u00fcber Return on Investment (ROI) gesprochen wird, also sprechen wir \u00fcber Return of Experience (ROI), weil wir glauben, dass es eine quantifizierbare Rendite gibt, wenn Unternehmen in der Lage sind, das Beste aus den Menschen aller Altersgruppen herauszuholen, aber auch, wenn sie \u00fcber 50-J\u00e4hrige im Team haben.<\/p>\n\n\n\n<p>Die Forschung zeigt, dass Menschen in ihren 50ern, 60ern und 70ern in der Regel weniger geneigt sind, alle ein oder zwei Jahre den Job zu wechseln. Sie werden seltener ungeduldig und wollen die n\u00e4chste Bef\u00f6rderung erreichen. Es ist wahrscheinlicher, dass sie in der Lage sind, in Konflikt- oder Spannungssituationen oder in Situationen, in denen emotionale Intelligenz gefragt ist, eine Beziehung zu den Kunden aufzubauen, denn wir haben es erlebt, gesehen und getan.<\/p>\n\n\n\n<p>Es gibt also eine Reihe von Gr\u00fcnden, warum das Alter, wenn man es kombiniert, gut f\u00fcr das Gesch\u00e4ft sein kann. Nicht, weil es moralisch interessant ist, sondern weil es sich positiv auf das Gesch\u00e4ftsergebnis auswirken kann.<\/p>\n\n\n\n<p>L\u00e4ngeres Verbleiben der Mitarbeiter bedeutet weniger Fluktuation. Das bedeutet, dass man weniger Zeit aufwenden muss, um neue Mitarbeiter einzustellen und auszubilden. Wenn man jemanden einstellt, der 20, 30 Jahre in einem anderen Unternehmen oder einer anderen Branche gearbeitet hat, muss man weniger Zeit f\u00fcr die Einarbeitung aufwenden, da er in der Regel sofort einsatzbereit ist.<\/p>\n\n\n\n<p>Wir glauben also, dass es sich lohnt, Menschen \u00fcber 50 einzustellen. Und wir sind auch der Meinung, dass sich die Erfahrung, die ich als Altersdividende bezeichne, auszahlt. Wenn also ein Aktion\u00e4r eine Dividende will, dann sollte auch der Leiter eines gro\u00dfen Unternehmens eine Dividende oder eine Rendite von seinen Kollegen und seinen Talenten erhalten wollen, und das kann er mit Menschen \u00fcber 50 erreichen.<\/p>\n\n\n\n<p><strong>ROBERT: <\/strong>Das gef\u00e4llt mir \u2026 Anstelle von Return on Investment spricht Simon von Return on Experience. Er nennt das die Altersdividende.<\/p>\n\n\n\n<p>Aber wie kann jeder einzelne pers\u00f6nlich damit umgehen? Welchen Rat gibt er Menschen \u00fcber 50, die sich auf dem Arbeitsmarkt zurechtfinden oder beruflich ver\u00e4ndern wollen?<\/p>\n\n\n\n<p><strong>SIMON:<\/strong> OK, nun, als Erstes muss man versuchen, wie ich bereits sagte, die Einstellung zu gewinnen, dass \u00fcber 50 zu sein, nicht bedeutet, dass man \u00fcber den Berg ist. Du bist immer noch derselbe Mensch. Du bist nur ein bisschen l\u00e4nger in der Welt herumgekommen und hast mehr Erfahrung.<\/p>\n\n\n\n<p>Mach das also zu Deinem Vorteil. Falle nicht auf das Klischee herein, dass man mit 50 noch Gl\u00fcck hat, einen Job zu bekommen. Das ist einfach nicht wahr. <\/p>\n\n\n\n<p>Ich w\u00fcrde den Menschen raten, zuerst und vor allem in ihrem Netzwerk zu suchen, anstatt auf Jobb\u00f6rsen zu gehen. Die meisten Jobb\u00f6rsen werden von Robotern betrieben. Sie werden mit so genannten Applicant-Tracker-Systemen und Bots betrieben, und diese sind nicht so konfiguriert, dass sie positiv auf Menschen mit einem sehr langen Lebenslauf mit vielen komplexen Aufgaben und verschiedenen Ver\u00e4nderungen reagieren.<\/p>\n\n\n\n<p>Sie sind eher auf einen j\u00fcngeren, vorhersehbareren Karriereweg eingestellt als diejenigen von uns, die seit 30, 40, 50 Jahren im Berufsleben stehen. Ich w\u00fcrde also sagen, dass man sich zun\u00e4chst auf sein Netzwerk verlassen sollte, um herauszufinden, welche Verbindungen man im Laufe der Zeit aufgebaut hat, wie man \u00fcber seine Arbeit sprechen und nach Jobs suchen kann.<\/p>\n\n\n\n<p>Ich w\u00fcrde sagen, formuliere ganz klar, worum es Dir geht. Und wenn das bedeutet, dass Du eine Mischung aus Zielsetzung und Work-Life-Balance m\u00f6chtest, oder es k\u00f6nnte bedeuten, dass Du Dein Wissen mit anderen teilen willst, dann scheu Dich nicht, das zu sagen.<\/p>\n\n\n\n<p>Finde also heraus, was die wichtigsten Punkte sind, mit denen Du einem Unternehmen einen Mehrwert bieten kannst. Und konzentriere Dich darauf.<\/p>\n\n\n\n<p>Ich w\u00fcrde sagen, leseviel, gehen auf LinkedIn, lies wer was macht, poste viel, damit die Leute merken, dass Du eine Meinung hast, dass Du interessant bist. Und ich w\u00fcrde sagen, denke lange und gr\u00fcndlich dar\u00fcber nach, was f\u00fcr Dich das Richtige ist, wenn Du in den zweiten Lebensabschnitt \u00fcbergehst, \u00fcber die Vereinbarkeit von Beruf und Privatleben und dar\u00fcber, wie Du vielleicht Dinge wie Zeit mit der Familie oder mit Freunden verbringen wollen, \u00fcber flexible Jobs, es gibt viele flexible Stellen.<\/p>\n\n\n\n<p>Und am wichtigsten, lass Dein Ego vor der T\u00fcr.<\/p>\n\n\n\n<p>Und das musste ich erst lernen. Ich habe meine Zeit damit verbracht, in Unternehmen Karriere zu machen. Der Titel an der T\u00fcr definiert die Person nicht. Finden heraus, was Dich antreibt. Sei gl\u00fccklich. Und bleibe hartn\u00e4ckig.<\/p>\n\n\n\n<p><strong>ROBERT:<\/strong> Der Titel an der T\u00fcr definiert nicht die Person. Ich bin sicher, dass das noch nicht jeder verinnerlicht hat.<\/p>\n\n\n\n<p>Aber was das Mindset angeht: Wie k\u00f6nnen wir diesen Kreislauf der Stereotypen langfristig durchbrechen? M\u00fcssen wir nicht auch die j\u00fcngeren Generationen von Anfang an in diesen Prozess einbeziehen?<\/p>\n\n\n\n<p><strong>SIMON: <\/strong>Ja, wir konzentrieren uns also sehr auf den Mehrgenerationen-Arbeitsplatz und auf generationen\u00fcbergreifende Arbeitsweisen. Und ich wei\u00df, Robert, du verstehst den Unterschied. Wir sehen also definitiv, dass das Letzte, was wir brauchen, ein Alterskrieg ist.<\/p>\n\n\n\n<p>Das Letzte, was wir brauchen, ist, dass die \u00c4lteren besser sind als die J\u00fcngeren oder umgekehrt. Das ist kontraproduktiv und f\u00fchrt zu Schubladendenken. Die wollen wir nicht. Wie k\u00f6nnen wir das also erreichen? Wie ich bereits sagte, f\u00fchren wir eine Altersdatendiagnose durch, bei der wir alle Altersgruppen in allen Organisationen untersuchen und dann helfen, diese Organisationen mit anderen Peergroups und anderen Sektoren zu vergleichen.<\/p>\n\n\n\n<p>Und dann helfen wir ihnen, \u00fcber die Kultur und den Arbeitsplatz der Zukunft nachzudenken, \u00fcber die F\u00e4higkeiten und die Mischung aus harten und weichen F\u00e4higkeiten, die sie in f\u00fcnf oder zehn Jahren brauchen werden, wenn sich die Welt ver\u00e4ndert, wenn sich die Technologie ver\u00e4ndert, wenn sich die Gesellschaft ver\u00e4ndert.<\/p>\n\n\n\n<p>Und dann durch die Brille der Kollegen, der Kunden und des Unternehmens schauen, um ehrlich zu sein, um sicherzustellen, dass Sie diese magische Linse haben, diese magische Alchemie von Menschen aller Altersgruppen, bei der die F\u00e4higkeiten z\u00e4hlen, bei der Ergebnisse wichtig sind und bei der Dinge wie Teamzusammenhalt und Zugeh\u00f6rigkeitsgef\u00fchl den Unterschied ausmachen werden.<\/p>\n\n\n\n<p>Deine Frage gef\u00e4llt mir deshalb so gut, weil viele denken, dass wir nur an den \u00fcber 50-J\u00e4hrigen interessiert sind. Das sind wir nicht.<\/p>\n\n\n\n<p><strong>ROBERT:<\/strong> Es gab da ja noch eine Sache, die mich besonders interessierte. Ich habe es bereits zu Beginn erw\u00e4hnt. Auf Simons LinkedIn-Profil hatte ich gelesen, dass er sich selbst als Age Astronaut bezeichnet. Also musste ich ihn fragen: Was genau ist ein Age Astronaut?<\/p>\n\n\n\n<p><strong>SIMON:<\/strong> Das ist eine gute Frage, weisst Du, ich f\u00fchle mich an Star Trek erinnert. Das ist der Hintergrund, warum ich das gesagt habe. Es geht darum, k\u00fchn dorthin zu gehen, wo noch niemand zuvor gewesen ist. so sind wir bei 55\/redefined. Niemand hat das getan, was wir tun. Es gibt kein anderes Unternehmen, das das tut, was wir tun.<\/p>\n\n\n\n<p>Es f\u00fchlt sich also ein bisschen so an, als w\u00e4ren wir Astronauten. Wir entdecken neue Wege, die Welt zu betrachten, wir stellen traditionelle Konzepte und Methoden in Bezug auf Arbeit, soziale Integration, Vielfalt und Integration in Frage, und wir befinden uns auf einer rasanten Fahrt in einem Raketenschiff, in dem wir offen gesagt kaum mit den Anforderungen Schritt halten k\u00f6nnen, die an uns gestellt werden.<\/p>\n\n\n\n<p><strong>ROBERT<\/strong>: Und da wir schon mal im Weltraum waren, musste ich Simon fragen, ob es da drau\u00dfen auch so etwas wie ein Todesstern gibt, der seine Mission angreift.<\/p>\n\n\n\n<p><strong>SIMON:<\/strong> Ja, der Todesstern sind Vorurteile und die Voreingenommenheit, die tief verwurzelte, unbewusste Voreingenommenheit, die wir alle haben. Wir alle haben ein gewisses Ma\u00df an unbewusster Voreingenommenheit, weil unser Leben durch die Umgebung, in der wir leben, und die Menschen, die unser Leben formen und uns beeinflussen, gepr\u00e4gt ist, also haben wir diese.<\/p>\n\n\n\n<p>Der Todesstern ist also der Ageismus oder die Diskriminierung oder die Voreingenommenheit, die sich weigert, sich zu \u00e4ndern, die sich weigert, zuzuh\u00f6ren, und mit der wir konfrontiert werden, aber wir sind entschlossen, sie abzuschie\u00dfen und den Weg durch sie hindurch zu sprengen, und das tun wir auch.<\/p>\n\n\n\n<p><strong>ROBERT:<\/strong> Mein Gespr\u00e4ch mit Simon war ein echter Augen\u00f6ffner. Mal sehen \u2026 Was werde ich aus diesem Gespr\u00e4ch mitnehmen? Ich versuchen mal, das zusammenzufassen.<\/p>\n\n\n\n<p>Die Voreingenommenheit gegen\u00fcber \u00e4lteren Arbeitnehmern ist nicht nur ungerecht, sondern hat auch einen negativen Einfluss auf die Wirtschaft. Die Integration einer generations\u00fcbergreifenden Belegschaft ist also nicht nur richtig, sondern auch smart.<\/p>\n\n\n\n<p><strong>Die folgenden Punkte habe ich mir ganz besonders gemerkt:<\/strong><\/p>\n\n\n\n<p>\u2794 Pers\u00f6nliche Netzwerke und eine aktive Online-Pr\u00e4senz sind notwendig, um sichtbar zu bleiben und Chancen zu ergreifen.<\/p>\n\n\n\n<p>\u2794 Die Bereitschaft, sich anzupassen und flexibel zu sein, ist entscheidend f\u00fcr den Erfolg in einem sich st\u00e4ndig ver\u00e4ndernden Arbeitsumfeld.<\/p>\n\n\n\n<p>\u2794 Sei Dir immer dar\u00fcber im Klaren, was Du genau tun willst \u2026 und was nicht.<\/p>\n\n\n\n<p>\u2794 Kommuniziere Deine F\u00e4higkeiten klar und stehe hartn\u00e4ckig f\u00fcr Deine Werte ein.<\/p>\n\n\n\n<p>\u2794 Und last but not least: Lass Dein Ego vor der T\u00fcr. Das habe ich gleich zweimal unterstrichen.<\/p>\n\n\n\n<p>Dies sind inspirierende Einsichten. Und sie sind sicherlich mehr als nur ein beruflicher Rat &#8211; sie sind ein Aufruf, den Wert von Erfahrung neu zu bewerten und eine integrativere Arbeitskultur zu f\u00f6rdern. <\/p>\n\n\n\n<p><strong>Vielen Dank, Simon!<\/strong><\/p>\n\n\n\n<p>Wer sich mit Simon vernetzen m\u00f6chte, kann das \u00fcber <a href=\"https:\/\/www.linkedin.com\/in\/simon-r-long\/\" target=\"_blank\" rel=\"noreferrer noopener\">Linked<\/a> in tun. Weitere Infos zu dem Unternehmen 55\/Redefined gibt es <a href=\"https:\/\/55redefined.co\/\" target=\"_blank\" rel=\"noreferrer noopener\">hier<\/a>.<br><br><\/p>\n","protected":false},"excerpt":{"rendered":"<p>In diesem spannenden Interview teilt Simon Long, der sich selbst als &#8222;Age Astronaut&#8220; bezeichnet, seine Geschichte der beruflichen Neuorientierung im Alter von 55.<\/p>\n","protected":false},"author":2,"featured_media":2794,"comment_status":"closed","ping_status":"open","sticky":false,"template":"","format":"standard","meta":{"_acf_changed":false,"h5ap_radio_sources":[],"_jetpack_memberships_contains_paid_content":false,"footnotes":""},"categories":[64],"tags":[],"class_list":["post-1509","post","type-post","status-publish","format-standard","has-post-thumbnail","hentry","category-interviews-de"],"acf":[],"yoast_head":"<!-- This site is optimized with the Yoast SEO plugin v26.7 - https:\/\/yoast.com\/wordpress\/plugins\/seo\/ -->\n<title>Neue Horizonte: Die wichtige Mission eines &#039;Age Astronauten&#039; - Age Bombs<\/title>\n<meta name=\"description\" content=\"Ist eine berufliche Neuorientierung nach dem 55. Lebensjahr m\u00f6glich? Robert Eysoldt im Gespr\u00e4ch mit Simon Long, der sich selbst als &quot;Age Astronaut\u201c bezeichnet.\" \/>\n<meta name=\"robots\" content=\"index, follow, max-snippet:-1, max-image-preview:large, max-video-preview:-1\" \/>\n<link rel=\"canonical\" href=\"https:\/\/agebombs.com\/de\/ueber-die-wichtige-mission-eines-age-astronauts\/\" \/>\n<meta property=\"og:locale\" content=\"de_DE\" \/>\n<meta property=\"og:type\" content=\"article\" \/>\n<meta property=\"og:title\" content=\"Neue Horizonte: Die wichtige Mission eines &#039;Age Astronauten&#039; - Age Bombs\" \/>\n<meta property=\"og:description\" content=\"Ist eine berufliche Neuorientierung nach dem 55. Lebensjahr m\u00f6glich? Robert Eysoldt im Gespr\u00e4ch mit Simon Long, der sich selbst als &quot;Age Astronaut\u201c bezeichnet.\" \/>\n<meta property=\"og:url\" content=\"https:\/\/agebombs.com\/de\/ueber-die-wichtige-mission-eines-age-astronauts\/\" \/>\n<meta property=\"og:site_name\" content=\"Age Bombs\" \/>\n<meta property=\"article:published_time\" content=\"2024-05-08T13:50:33+00:00\" \/>\n<meta property=\"article:modified_time\" content=\"2025-08-02T06:22:23+00:00\" \/>\n<meta property=\"og:image\" content=\"https:\/\/agebombs.com\/wp-content\/uploads\/2025\/08\/AB_Website_Fotos_Vorlagen.001.webp\" \/>\n\t<meta property=\"og:image:width\" content=\"1600\" \/>\n\t<meta property=\"og:image:height\" content=\"962\" \/>\n\t<meta property=\"og:image:type\" content=\"image\/webp\" \/>\n<meta name=\"author\" content=\"Robert\" \/>\n<meta name=\"twitter:card\" content=\"summary_large_image\" \/>\n<meta name=\"twitter:label1\" content=\"Verfasst von\" \/>\n\t<meta name=\"twitter:data1\" content=\"Robert\" \/>\n\t<meta name=\"twitter:label2\" content=\"Gesch\u00e4tzte Lesezeit\" \/>\n\t<meta name=\"twitter:data2\" content=\"12\u00a0Minuten\" \/>\n<script type=\"application\/ld+json\" class=\"yoast-schema-graph\">{\"@context\":\"https:\/\/schema.org\",\"@graph\":[{\"@type\":\"Article\",\"@id\":\"https:\/\/agebombs.com\/de\/ueber-die-wichtige-mission-eines-age-astronauts\/#article\",\"isPartOf\":{\"@id\":\"https:\/\/agebombs.com\/de\/ueber-die-wichtige-mission-eines-age-astronauts\/\"},\"author\":{\"name\":\"Robert\",\"@id\":\"https:\/\/agebombs.com\/#\/schema\/person\/5de2eaf58e7ebfad1ea9f0fec046f343\"},\"headline\":\"Neue Horizonte: Die wichtige Mission eines &#8218;Age Astronauten&#8216;\",\"datePublished\":\"2024-05-08T13:50:33+00:00\",\"dateModified\":\"2025-08-02T06:22:23+00:00\",\"mainEntityOfPage\":{\"@id\":\"https:\/\/agebombs.com\/de\/ueber-die-wichtige-mission-eines-age-astronauts\/\"},\"wordCount\":2750,\"image\":{\"@id\":\"https:\/\/agebombs.com\/de\/ueber-die-wichtige-mission-eines-age-astronauts\/#primaryimage\"},\"thumbnailUrl\":\"https:\/\/agebombs.com\/wp-content\/uploads\/2025\/08\/AB_Website_Fotos_Vorlagen.001.webp\",\"articleSection\":[\"Interviews\"],\"inLanguage\":\"de\"},{\"@type\":\"WebPage\",\"@id\":\"https:\/\/agebombs.com\/de\/ueber-die-wichtige-mission-eines-age-astronauts\/\",\"url\":\"https:\/\/agebombs.com\/de\/ueber-die-wichtige-mission-eines-age-astronauts\/\",\"name\":\"Neue Horizonte: Die wichtige Mission eines 'Age Astronauten' - Age Bombs\",\"isPartOf\":{\"@id\":\"https:\/\/agebombs.com\/#website\"},\"primaryImageOfPage\":{\"@id\":\"https:\/\/agebombs.com\/de\/ueber-die-wichtige-mission-eines-age-astronauts\/#primaryimage\"},\"image\":{\"@id\":\"https:\/\/agebombs.com\/de\/ueber-die-wichtige-mission-eines-age-astronauts\/#primaryimage\"},\"thumbnailUrl\":\"https:\/\/agebombs.com\/wp-content\/uploads\/2025\/08\/AB_Website_Fotos_Vorlagen.001.webp\",\"datePublished\":\"2024-05-08T13:50:33+00:00\",\"dateModified\":\"2025-08-02T06:22:23+00:00\",\"author\":{\"@id\":\"https:\/\/agebombs.com\/#\/schema\/person\/5de2eaf58e7ebfad1ea9f0fec046f343\"},\"description\":\"Ist eine berufliche Neuorientierung nach dem 55. Lebensjahr m\u00f6glich? Robert Eysoldt im Gespr\u00e4ch mit Simon Long, der sich selbst als \\\"Age Astronaut\u201c bezeichnet.\",\"breadcrumb\":{\"@id\":\"https:\/\/agebombs.com\/de\/ueber-die-wichtige-mission-eines-age-astronauts\/#breadcrumb\"},\"inLanguage\":\"de\",\"potentialAction\":[{\"@type\":\"ReadAction\",\"target\":[\"https:\/\/agebombs.com\/de\/ueber-die-wichtige-mission-eines-age-astronauts\/\"]}]},{\"@type\":\"ImageObject\",\"inLanguage\":\"de\",\"@id\":\"https:\/\/agebombs.com\/de\/ueber-die-wichtige-mission-eines-age-astronauts\/#primaryimage\",\"url\":\"https:\/\/agebombs.com\/wp-content\/uploads\/2025\/08\/AB_Website_Fotos_Vorlagen.001.webp\",\"contentUrl\":\"https:\/\/agebombs.com\/wp-content\/uploads\/2025\/08\/AB_Website_Fotos_Vorlagen.001.webp\",\"width\":1600,\"height\":962},{\"@type\":\"BreadcrumbList\",\"@id\":\"https:\/\/agebombs.com\/de\/ueber-die-wichtige-mission-eines-age-astronauts\/#breadcrumb\",\"itemListElement\":[{\"@type\":\"ListItem\",\"position\":1,\"name\":\"Home\",\"item\":\"https:\/\/agebombs.com\/de\/\"},{\"@type\":\"ListItem\",\"position\":2,\"name\":\"Neue Horizonte: Die wichtige Mission eines &#8216;Age Astronauten&#8217;\"}]},{\"@type\":\"WebSite\",\"@id\":\"https:\/\/agebombs.com\/#website\",\"url\":\"https:\/\/agebombs.com\/\",\"name\":\"Age Bombs\",\"description\":\"Alter und Altern neu denken.\",\"potentialAction\":[{\"@type\":\"SearchAction\",\"target\":{\"@type\":\"EntryPoint\",\"urlTemplate\":\"https:\/\/agebombs.com\/?s={search_term_string}\"},\"query-input\":{\"@type\":\"PropertyValueSpecification\",\"valueRequired\":true,\"valueName\":\"search_term_string\"}}],\"inLanguage\":\"de\"},{\"@type\":\"Person\",\"@id\":\"https:\/\/agebombs.com\/#\/schema\/person\/5de2eaf58e7ebfad1ea9f0fec046f343\",\"name\":\"Robert\",\"image\":{\"@type\":\"ImageObject\",\"inLanguage\":\"de\",\"@id\":\"https:\/\/agebombs.com\/#\/schema\/person\/image\/\",\"url\":\"https:\/\/agebombs.com\/wp-content\/uploads\/2024\/08\/AB_Social-Media_Instagram_Square_PROFIL02.001.png\",\"contentUrl\":\"https:\/\/agebombs.com\/wp-content\/uploads\/2024\/08\/AB_Social-Media_Instagram_Square_PROFIL02.001.png\",\"caption\":\"Robert\"},\"description\":\"Robert Eysoldt is a Creative Consultant, Keynote Speaker, Workshop Facilitator, Business Coach \u2013 and a passionate Age Diversity activist. For over 30 years, he\u2019s been guiding companies through change. And time and again, one thing stands out: we keep underestimating how we see age and aging. That\u2019s why he launched Age Bombs \u2013 a bold initiative that breaks age-related stereotypes, champions age diversity, and builds real connections across generations.\",\"sameAs\":[\"https:\/\/zerooverhead.de\/en\/\"],\"url\":\"https:\/\/agebombs.com\/de\/author\/robert\/\"}]}<\/script>\n<!-- \/ Yoast SEO plugin. -->","yoast_head_json":{"title":"Neue Horizonte: Die wichtige Mission eines 'Age Astronauten' - Age Bombs","description":"Ist eine berufliche Neuorientierung nach dem 55. Lebensjahr m\u00f6glich? Robert Eysoldt im Gespr\u00e4ch mit Simon Long, der sich selbst als \"Age Astronaut\u201c bezeichnet.","robots":{"index":"index","follow":"follow","max-snippet":"max-snippet:-1","max-image-preview":"max-image-preview:large","max-video-preview":"max-video-preview:-1"},"canonical":"https:\/\/agebombs.com\/de\/ueber-die-wichtige-mission-eines-age-astronauts\/","og_locale":"de_DE","og_type":"article","og_title":"Neue Horizonte: Die wichtige Mission eines 'Age Astronauten' - Age Bombs","og_description":"Ist eine berufliche Neuorientierung nach dem 55. Lebensjahr m\u00f6glich? Robert Eysoldt im Gespr\u00e4ch mit Simon Long, der sich selbst als \"Age Astronaut\u201c bezeichnet.","og_url":"https:\/\/agebombs.com\/de\/ueber-die-wichtige-mission-eines-age-astronauts\/","og_site_name":"Age Bombs","article_published_time":"2024-05-08T13:50:33+00:00","article_modified_time":"2025-08-02T06:22:23+00:00","og_image":[{"width":1600,"height":962,"url":"https:\/\/agebombs.com\/wp-content\/uploads\/2025\/08\/AB_Website_Fotos_Vorlagen.001.webp","type":"image\/webp"}],"author":"Robert","twitter_card":"summary_large_image","twitter_misc":{"Verfasst von":"Robert","Gesch\u00e4tzte Lesezeit":"12\u00a0Minuten"},"schema":{"@context":"https:\/\/schema.org","@graph":[{"@type":"Article","@id":"https:\/\/agebombs.com\/de\/ueber-die-wichtige-mission-eines-age-astronauts\/#article","isPartOf":{"@id":"https:\/\/agebombs.com\/de\/ueber-die-wichtige-mission-eines-age-astronauts\/"},"author":{"name":"Robert","@id":"https:\/\/agebombs.com\/#\/schema\/person\/5de2eaf58e7ebfad1ea9f0fec046f343"},"headline":"Neue Horizonte: Die wichtige Mission eines &#8218;Age Astronauten&#8216;","datePublished":"2024-05-08T13:50:33+00:00","dateModified":"2025-08-02T06:22:23+00:00","mainEntityOfPage":{"@id":"https:\/\/agebombs.com\/de\/ueber-die-wichtige-mission-eines-age-astronauts\/"},"wordCount":2750,"image":{"@id":"https:\/\/agebombs.com\/de\/ueber-die-wichtige-mission-eines-age-astronauts\/#primaryimage"},"thumbnailUrl":"https:\/\/agebombs.com\/wp-content\/uploads\/2025\/08\/AB_Website_Fotos_Vorlagen.001.webp","articleSection":["Interviews"],"inLanguage":"de"},{"@type":"WebPage","@id":"https:\/\/agebombs.com\/de\/ueber-die-wichtige-mission-eines-age-astronauts\/","url":"https:\/\/agebombs.com\/de\/ueber-die-wichtige-mission-eines-age-astronauts\/","name":"Neue Horizonte: Die wichtige Mission eines 'Age Astronauten' - Age Bombs","isPartOf":{"@id":"https:\/\/agebombs.com\/#website"},"primaryImageOfPage":{"@id":"https:\/\/agebombs.com\/de\/ueber-die-wichtige-mission-eines-age-astronauts\/#primaryimage"},"image":{"@id":"https:\/\/agebombs.com\/de\/ueber-die-wichtige-mission-eines-age-astronauts\/#primaryimage"},"thumbnailUrl":"https:\/\/agebombs.com\/wp-content\/uploads\/2025\/08\/AB_Website_Fotos_Vorlagen.001.webp","datePublished":"2024-05-08T13:50:33+00:00","dateModified":"2025-08-02T06:22:23+00:00","author":{"@id":"https:\/\/agebombs.com\/#\/schema\/person\/5de2eaf58e7ebfad1ea9f0fec046f343"},"description":"Ist eine berufliche Neuorientierung nach dem 55. Lebensjahr m\u00f6glich? Robert Eysoldt im Gespr\u00e4ch mit Simon Long, der sich selbst als \"Age Astronaut\u201c bezeichnet.","breadcrumb":{"@id":"https:\/\/agebombs.com\/de\/ueber-die-wichtige-mission-eines-age-astronauts\/#breadcrumb"},"inLanguage":"de","potentialAction":[{"@type":"ReadAction","target":["https:\/\/agebombs.com\/de\/ueber-die-wichtige-mission-eines-age-astronauts\/"]}]},{"@type":"ImageObject","inLanguage":"de","@id":"https:\/\/agebombs.com\/de\/ueber-die-wichtige-mission-eines-age-astronauts\/#primaryimage","url":"https:\/\/agebombs.com\/wp-content\/uploads\/2025\/08\/AB_Website_Fotos_Vorlagen.001.webp","contentUrl":"https:\/\/agebombs.com\/wp-content\/uploads\/2025\/08\/AB_Website_Fotos_Vorlagen.001.webp","width":1600,"height":962},{"@type":"BreadcrumbList","@id":"https:\/\/agebombs.com\/de\/ueber-die-wichtige-mission-eines-age-astronauts\/#breadcrumb","itemListElement":[{"@type":"ListItem","position":1,"name":"Home","item":"https:\/\/agebombs.com\/de\/"},{"@type":"ListItem","position":2,"name":"Neue Horizonte: Die wichtige Mission eines &#8216;Age Astronauten&#8217;"}]},{"@type":"WebSite","@id":"https:\/\/agebombs.com\/#website","url":"https:\/\/agebombs.com\/","name":"Age Bombs","description":"Alter und Altern neu denken.","potentialAction":[{"@type":"SearchAction","target":{"@type":"EntryPoint","urlTemplate":"https:\/\/agebombs.com\/?s={search_term_string}"},"query-input":{"@type":"PropertyValueSpecification","valueRequired":true,"valueName":"search_term_string"}}],"inLanguage":"de"},{"@type":"Person","@id":"https:\/\/agebombs.com\/#\/schema\/person\/5de2eaf58e7ebfad1ea9f0fec046f343","name":"Robert","image":{"@type":"ImageObject","inLanguage":"de","@id":"https:\/\/agebombs.com\/#\/schema\/person\/image\/","url":"https:\/\/agebombs.com\/wp-content\/uploads\/2024\/08\/AB_Social-Media_Instagram_Square_PROFIL02.001.png","contentUrl":"https:\/\/agebombs.com\/wp-content\/uploads\/2024\/08\/AB_Social-Media_Instagram_Square_PROFIL02.001.png","caption":"Robert"},"description":"Robert Eysoldt is a Creative Consultant, Keynote Speaker, Workshop Facilitator, Business Coach \u2013 and a passionate Age Diversity activist. For over 30 years, he\u2019s been guiding companies through change. And time and again, one thing stands out: we keep underestimating how we see age and aging. That\u2019s why he launched Age Bombs \u2013 a bold initiative that breaks age-related stereotypes, champions age diversity, and builds real connections across generations.","sameAs":["https:\/\/zerooverhead.de\/en\/"],"url":"https:\/\/agebombs.com\/de\/author\/robert\/"}]}},"jetpack_featured_media_url":"https:\/\/agebombs.com\/wp-content\/uploads\/2025\/08\/AB_Website_Fotos_Vorlagen.001.webp","jetpack-related-posts":[{"id":1838,"url":"https:\/\/agebombs.com\/de\/erfolg-liegt-zwischen-den-ohren-interview-mit-uli-funke\/","url_meta":{"origin":1509,"position":0},"title":"Erfolg liegt zwischen den Ohren. Im Gespr\u00e4ch mit Uli Funke","author":"Robert","date":"Juli 29, 2024","format":false,"excerpt":"Warum klammert sich unser Gehirn so gerne an Gewohnheiten?\u00a0Kann unser Gehirn ein Leben lang flexibel und anpassungsf\u00e4hig bleiben?\u00a0Welche Rolle spielen Dankbarkeit und positive Gedanken f\u00fcr unser Wohlbefinden?\u00a0Dar\u00fcber habe ich mit Uli Funke, einem Experten angewandte Neurowissenschaften, gesprochen.","rel":"","context":"In &quot;Interviews&quot;","block_context":{"text":"Interviews","link":"https:\/\/agebombs.com\/de\/category\/interviews-de\/"},"img":{"alt_text":"","src":"https:\/\/i0.wp.com\/agebombs.com\/wp-content\/uploads\/2025\/08\/AB_Website_Fotos_Vorlagen_GEHIRN_02_PNG.001.webp?resize=500%2C300&ssl=1","width":500,"height":300,"srcset":"https:\/\/i0.wp.com\/agebombs.com\/wp-content\/uploads\/2025\/08\/AB_Website_Fotos_Vorlagen_GEHIRN_02_PNG.001.webp?resize=500%2C300&ssl=1 1x, https:\/\/i0.wp.com\/agebombs.com\/wp-content\/uploads\/2025\/08\/AB_Website_Fotos_Vorlagen_GEHIRN_02_PNG.001.webp?resize=750%2C450&ssl=1 1.5x, https:\/\/i0.wp.com\/agebombs.com\/wp-content\/uploads\/2025\/08\/AB_Website_Fotos_Vorlagen_GEHIRN_02_PNG.001.webp?resize=1000%2C600&ssl=1 2x, https:\/\/i0.wp.com\/agebombs.com\/wp-content\/uploads\/2025\/08\/AB_Website_Fotos_Vorlagen_GEHIRN_02_PNG.001.webp?resize=1500%2C900&ssl=1 3x"},"classes":[]},{"id":1629,"url":"https:\/\/agebombs.com\/rethinking-age-limits\/","url_meta":{"origin":1509,"position":1},"title":"Defying Age Limits: The Important Mission of an &#8218;Age Astronaut&#8216;","author":"Robert","date":"Mai 8, 2024","format":false,"excerpt":"In this exciting interview, Simon Long, who describes himself as an \u201cAge Astronaut\u201d, shares his story of professional reorientation after the age of 55.","rel":"","context":"In &quot;Interviews&quot;","block_context":{"text":"Interviews","link":"https:\/\/agebombs.com\/category\/article\/interviews\/"},"img":{"alt_text":"","src":"https:\/\/i0.wp.com\/agebombs.com\/wp-content\/uploads\/2025\/08\/AB_Website_Fotos_Vorlagen.001.webp?resize=500%2C300&ssl=1","width":500,"height":300,"srcset":"https:\/\/i0.wp.com\/agebombs.com\/wp-content\/uploads\/2025\/08\/AB_Website_Fotos_Vorlagen.001.webp?resize=500%2C300&ssl=1 1x, https:\/\/i0.wp.com\/agebombs.com\/wp-content\/uploads\/2025\/08\/AB_Website_Fotos_Vorlagen.001.webp?resize=750%2C450&ssl=1 1.5x, https:\/\/i0.wp.com\/agebombs.com\/wp-content\/uploads\/2025\/08\/AB_Website_Fotos_Vorlagen.001.webp?resize=1000%2C600&ssl=1 2x, https:\/\/i0.wp.com\/agebombs.com\/wp-content\/uploads\/2025\/08\/AB_Website_Fotos_Vorlagen.001.webp?resize=1500%2C900&ssl=1 3x"},"classes":[]},{"id":3912,"url":"https:\/\/agebombs.com\/what-we-can-learn-from-an-astronaut-about-growing-older\/","url_meta":{"origin":1509,"position":2},"title":"What we can learn from an astronaut about growing older","author":"Robert","date":"Februar 17, 2026","format":false,"excerpt":"Astronauts train for emergencies that will most likely never happen. And that mindset changes how you look at your own aging.","rel":"","context":"In &quot;Impulses&quot;","block_context":{"text":"Impulses","link":"https:\/\/agebombs.com\/category\/article\/impulses\/"},"img":{"alt_text":"","src":"https:\/\/i0.wp.com\/agebombs.com\/wp-content\/uploads\/2026\/02\/AB_Website_Fotos_Vorlagen_ASTRONAUT-AGE.002.webp?resize=500%2C300&ssl=1","width":500,"height":300,"srcset":"https:\/\/i0.wp.com\/agebombs.com\/wp-content\/uploads\/2026\/02\/AB_Website_Fotos_Vorlagen_ASTRONAUT-AGE.002.webp?resize=500%2C300&ssl=1 1x, https:\/\/i0.wp.com\/agebombs.com\/wp-content\/uploads\/2026\/02\/AB_Website_Fotos_Vorlagen_ASTRONAUT-AGE.002.webp?resize=750%2C450&ssl=1 1.5x, https:\/\/i0.wp.com\/agebombs.com\/wp-content\/uploads\/2026\/02\/AB_Website_Fotos_Vorlagen_ASTRONAUT-AGE.002.webp?resize=1000%2C600&ssl=1 2x, https:\/\/i0.wp.com\/agebombs.com\/wp-content\/uploads\/2026\/02\/AB_Website_Fotos_Vorlagen_ASTRONAUT-AGE.002.webp?resize=1500%2C900&ssl=1 3x"},"classes":[]},{"id":1341,"url":"https:\/\/agebombs.com\/were-all-gonna-die\/","url_meta":{"origin":1509,"position":3},"title":"Spoiler Alert: We\u2019re All Gonna Die","author":"Robert","date":"April 23, 2024","format":false,"excerpt":"Aging is a universal phenomenon that affects us all. But even if it primarily follows a natural logic, it is an extremely complex process.","rel":"","context":"In &quot;Impulses&quot;","block_context":{"text":"Impulses","link":"https:\/\/agebombs.com\/category\/article\/impulses\/"},"img":{"alt_text":"","src":"https:\/\/i0.wp.com\/agebombs.com\/wp-content\/uploads\/2024\/04\/AB_Website_Fotos_Vorlagen.001-1-1.webp?resize=500%2C300&ssl=1","width":500,"height":300,"srcset":"https:\/\/i0.wp.com\/agebombs.com\/wp-content\/uploads\/2024\/04\/AB_Website_Fotos_Vorlagen.001-1-1.webp?resize=500%2C300&ssl=1 1x, https:\/\/i0.wp.com\/agebombs.com\/wp-content\/uploads\/2024\/04\/AB_Website_Fotos_Vorlagen.001-1-1.webp?resize=750%2C450&ssl=1 1.5x, https:\/\/i0.wp.com\/agebombs.com\/wp-content\/uploads\/2024\/04\/AB_Website_Fotos_Vorlagen.001-1-1.webp?resize=1000%2C600&ssl=1 2x, https:\/\/i0.wp.com\/agebombs.com\/wp-content\/uploads\/2024\/04\/AB_Website_Fotos_Vorlagen.001-1-1.webp?resize=1500%2C900&ssl=1 3x"},"classes":[]},{"id":3173,"url":"https:\/\/agebombs.com\/age-diversity-the-most-overlooked-lever-for-organizational-resilience\/","url_meta":{"origin":1509,"position":4},"title":"Age Diversity: The most overlooked lever for organizational resilience","author":"Robert","date":"August 21, 2025","format":false,"excerpt":"In the midst of demographic change, we indulge in an absurd paradox: ignoring experience \u2013 and pushing young talent into structures that don\u2019t fit them.","rel":"","context":"In &quot;Impulses&quot;","block_context":{"text":"Impulses","link":"https:\/\/agebombs.com\/category\/article\/impulses\/"},"img":{"alt_text":"","src":"https:\/\/i0.wp.com\/agebombs.com\/wp-content\/uploads\/2025\/08\/AB_Website_Fotos_Vorlagen_WIPPE.002.png?resize=500%2C300&ssl=1","width":500,"height":300,"srcset":"https:\/\/i0.wp.com\/agebombs.com\/wp-content\/uploads\/2025\/08\/AB_Website_Fotos_Vorlagen_WIPPE.002.png?resize=500%2C300&ssl=1 1x, https:\/\/i0.wp.com\/agebombs.com\/wp-content\/uploads\/2025\/08\/AB_Website_Fotos_Vorlagen_WIPPE.002.png?resize=750%2C450&ssl=1 1.5x, https:\/\/i0.wp.com\/agebombs.com\/wp-content\/uploads\/2025\/08\/AB_Website_Fotos_Vorlagen_WIPPE.002.png?resize=1000%2C600&ssl=1 2x, https:\/\/i0.wp.com\/agebombs.com\/wp-content\/uploads\/2025\/08\/AB_Website_Fotos_Vorlagen_WIPPE.002.png?resize=1500%2C900&ssl=1 3x"},"classes":[]},{"id":2750,"url":"https:\/\/agebombs.com\/the-age-forward-lab-in-berlin-a-day-of-real-talk-bold-perspectives-and-new-insights\/","url_meta":{"origin":1509,"position":5},"title":"The Age Forward Lab in Berlin \u2013 A day of real talk, bold perspectives, and new insights","author":"Robert","date":"Juli 30, 2025","format":false,"excerpt":"At the Age Forward Lab in Berlin, people from all kinds of backgrounds came together with one shared goal: to rethink age and aging \u2013 radically, creatively, and together.","rel":"","context":"In &quot;Impulses&quot;","block_context":{"text":"Impulses","link":"https:\/\/agebombs.com\/category\/article\/impulses\/"},"img":{"alt_text":"","src":"https:\/\/i0.wp.com\/agebombs.com\/wp-content\/uploads\/2025\/08\/AB_Website_Fotos_Vorlagen_AFL-BERLIN.001.webp?resize=500%2C300&ssl=1","width":500,"height":300,"srcset":"https:\/\/i0.wp.com\/agebombs.com\/wp-content\/uploads\/2025\/08\/AB_Website_Fotos_Vorlagen_AFL-BERLIN.001.webp?resize=500%2C300&ssl=1 1x, https:\/\/i0.wp.com\/agebombs.com\/wp-content\/uploads\/2025\/08\/AB_Website_Fotos_Vorlagen_AFL-BERLIN.001.webp?resize=750%2C450&ssl=1 1.5x, https:\/\/i0.wp.com\/agebombs.com\/wp-content\/uploads\/2025\/08\/AB_Website_Fotos_Vorlagen_AFL-BERLIN.001.webp?resize=1000%2C600&ssl=1 2x, https:\/\/i0.wp.com\/agebombs.com\/wp-content\/uploads\/2025\/08\/AB_Website_Fotos_Vorlagen_AFL-BERLIN.001.webp?resize=1500%2C900&ssl=1 3x"},"classes":[]}],"jetpack_sharing_enabled":true,"_links":{"self":[{"href":"https:\/\/agebombs.com\/de\/wp-json\/wp\/v2\/posts\/1509","targetHints":{"allow":["GET"]}}],"collection":[{"href":"https:\/\/agebombs.com\/de\/wp-json\/wp\/v2\/posts"}],"about":[{"href":"https:\/\/agebombs.com\/de\/wp-json\/wp\/v2\/types\/post"}],"author":[{"embeddable":true,"href":"https:\/\/agebombs.com\/de\/wp-json\/wp\/v2\/users\/2"}],"replies":[{"embeddable":true,"href":"https:\/\/agebombs.com\/de\/wp-json\/wp\/v2\/comments?post=1509"}],"version-history":[{"count":41,"href":"https:\/\/agebombs.com\/de\/wp-json\/wp\/v2\/posts\/1509\/revisions"}],"predecessor-version":[{"id":2802,"href":"https:\/\/agebombs.com\/de\/wp-json\/wp\/v2\/posts\/1509\/revisions\/2802"}],"wp:featuredmedia":[{"embeddable":true,"href":"https:\/\/agebombs.com\/de\/wp-json\/wp\/v2\/media\/2794"}],"wp:attachment":[{"href":"https:\/\/agebombs.com\/de\/wp-json\/wp\/v2\/media?parent=1509"}],"wp:term":[{"taxonomy":"category","embeddable":true,"href":"https:\/\/agebombs.com\/de\/wp-json\/wp\/v2\/categories?post=1509"},{"taxonomy":"post_tag","embeddable":true,"href":"https:\/\/agebombs.com\/de\/wp-json\/wp\/v2\/tags?post=1509"}],"curies":[{"name":"wp","href":"https:\/\/api.w.org\/{rel}","templated":true}]}}